{"id":7602,"date":"2026-09-02T15:35:58","date_gmt":"2026-09-02T15:35:58","guid":{"rendered":"https:\/\/www.mosaique-lillefives.fr\/V2\/?p=7602"},"modified":"2026-09-02T15:46:31","modified_gmt":"2026-09-02T15:46:31","slug":"reprise-des-ateliers-adultes-creatifs-et-sportifs","status":"publish","type":"post","link":"https:\/\/www.mosaique-lillefives.fr\/V2\/reprise-des-ateliers-adultes-creatifs-et-sportifs\/","title":{"rendered":"Reprise des Ateliers Adultes cr\u00e9atifs et sportifs !"},"content":{"rendered":"\t\t<div data-elementor-type=\"wp-post\" data-elementor-id=\"7602\" class=\"elementor elementor-7602\">\n\t\t\t\t<div class=\"elementor-element elementor-element-21b5cb6 e-flex e-con-boxed e-con e-parent\" data-id=\"21b5cb6\" data-element_type=\"container\" data-e-type=\"container\">\n\t\t\t\t\t<div class=\"e-con-inner\">\n\t\t\t\t<div class=\"elementor-element elementor-element-f429aa6 elementor-widget elementor-widget-text-editor\" data-id=\"f429aa6\" data-element_type=\"widget\" data-e-type=\"widget\" data-widget_type=\"text-editor.default\">\n\t\t\t\t<div class=\"elementor-widget-container\">\n\t\t\t\t\t\t\t\t\t<div dir=\"auto\"><b>Reprise des Ateliers Adultes<\/b> cr\u00e9atifs et sportifs : le lundi 21 Septembre 2026.<br><\/div>\n<div dir=\"auto\"><b>Avec semaine de d\u00e9couverte<\/b> &#8211; Lundi 07 au Vendredi II Septembre 2026 !<\/div>\n<div dir=\"auto\"><b>Bonne rentr\u00e9e \u00e0 Tous !<\/b><\/div>\t\t\t\t\t\t\t\t<\/div>\n\t\t\t\t<\/div>\n\t\t\t\t\t<\/div>\n\t\t\t\t<\/div>\n\t\t<div class=\"elementor-element elementor-element-210e14d e-flex e-con-boxed e-con e-parent\" data-id=\"210e14d\" data-element_type=\"container\" data-e-type=\"container\">\n\t\t\t\t\t<div class=\"e-con-inner\">\n\t\t<div class=\"elementor-element elementor-element-744ddfc e-con-full e-flex e-con e-child\" data-id=\"744ddfc\" data-element_type=\"container\" data-e-type=\"container\">\n\t\t\t\t<div class=\"elementor-element elementor-element-9891820 elementor-widget elementor-widget-image\" data-id=\"9891820\" data-element_type=\"widget\" data-e-type=\"widget\" data-widget_type=\"image.default\">\n\t\t\t\t<div class=\"elementor-widget-container\">\n\t\t\t\t\t\t\t\t\t\t\t\t\t\t\t<img fetchpriority=\"high\" decoding=\"async\" width=\"633\" height=\"906\" src=\"https:\/\/www.mosaique-lillefives.fr\/V2\/wp-content\/uploads\/2026\/09\/Flyer-reprise-des-ateliers-adultes-02-09-26-01.jpg\" class=\"attachment-large size-large wp-image-7603\" alt=\"\" srcset=\"https:\/\/www.mosaique-lillefives.fr\/V2\/wp-content\/uploads\/2026\/09\/Flyer-reprise-des-ateliers-adultes-02-09-26-01.jpg 633w, https:\/\/www.mosaique-lillefives.fr\/V2\/wp-content\/uploads\/2026\/09\/Flyer-reprise-des-ateliers-adultes-02-09-26-01-210x300.jpg 210w, https:\/\/www.mosaique-lillefives.fr\/V2\/wp-content\/uploads\/2026\/09\/Flyer-reprise-des-ateliers-adultes-02-09-26-01-500x716.jpg 500w\" sizes=\"(max-width: 633px) 100vw, 633px\" \/>\t\t\t\t\t\t\t\t\t\t\t\t\t\t\t<\/div>\n\t\t\t\t<\/div>\n\t\t\t\t<\/div>\n\t\t<div class=\"elementor-element elementor-element-eadd199 e-con-full e-flex e-con e-child\" data-id=\"eadd199\" data-element_type=\"container\" data-e-type=\"container\">\n\t\t\t\t<div class=\"elementor-element elementor-element-f1c9147 elementor-widget elementor-widget-image\" data-id=\"f1c9147\" data-element_type=\"widget\" data-e-type=\"widget\" data-widget_type=\"image.default\">\n\t\t\t\t<div class=\"elementor-widget-container\">\n\t\t\t\t\t\t\t\t\t\t\t\t\t\t\t<img decoding=\"async\" width=\"636\" height=\"908\" src=\"https:\/\/www.mosaique-lillefives.fr\/V2\/wp-content\/uploads\/2026\/09\/Flyer-reprise-des-ateliers-adultes-02-09-26-02.jpg\" class=\"attachment-large size-large wp-image-7604\" alt=\"\" srcset=\"https:\/\/www.mosaique-lillefives.fr\/V2\/wp-content\/uploads\/2026\/09\/Flyer-reprise-des-ateliers-adultes-02-09-26-02.jpg 636w, https:\/\/www.mosaique-lillefives.fr\/V2\/wp-content\/uploads\/2026\/09\/Flyer-reprise-des-ateliers-adultes-02-09-26-02-210x300.jpg 210w, https:\/\/www.mosaique-lillefives.fr\/V2\/wp-content\/uploads\/2026\/09\/Flyer-reprise-des-ateliers-adultes-02-09-26-02-500x714.jpg 500w\" sizes=\"(max-width: 636px) 100vw, 636px\" \/>\t\t\t\t\t\t\t\t\t\t\t\t\t\t\t<\/div>\n\t\t\t\t<\/div>\n\t\t\t\t<\/div>\n\t\t\t\t\t<\/div>\n\t\t\t\t<\/div>\n\t\t\t\t<\/div>\n\t\t","protected":false},"excerpt":{"rendered":"<p>Reprise des Ateliers Adultes cr\u00e9atifs et sportifs : le lundi 21 Septembre 2026. Avec semaine de d\u00e9couverte &#8211; Lundi 07 au Vendredi II Septembre 2026 ! Bonne rentr\u00e9e \u00e0 Tous !<\/p>\n","protected":false},"author":13,"featured_media":7603,"comment_status":"closed","ping_status":"open","sticky":false,"template":"","format":"standard","meta":{"ocean_post_layout":"","ocean_both_sidebars_style":"","ocean_both_sidebars_content_width":0,"ocean_both_sidebars_sidebars_width":0,"ocean_sidebar":"","ocean_second_sidebar":"","ocean_disable_margins":"enable","ocean_add_body_class":"","ocean_shortcode_before_top_bar":"","ocean_shortcode_after_top_bar":"","ocean_shortcode_before_header":"","ocean_shortcode_after_header":"","ocean_has_shortcode":"","ocean_shortcode_after_title":"","ocean_shortcode_before_footer_widgets":"","ocean_shortcode_after_footer_widgets":"","ocean_shortcode_before_footer_bottom":"","ocean_shortcode_after_footer_bottom":"","ocean_display_top_bar":"default","ocean_display_header":"default","ocean_header_style":"","ocean_center_header_left_menu":"","ocean_custom_header_template":"","ocean_custom_logo":0,"ocean_custom_retina_logo":0,"ocean_custom_logo_max_width":0,"ocean_custom_logo_tablet_max_width":0,"ocean_custom_logo_mobile_max_width":0,"ocean_custom_logo_max_height":0,"ocean_custom_logo_tablet_max_height":0,"ocean_custom_logo_mobile_max_height":0,"ocean_header_custom_menu":"","ocean_menu_typo_font_family":"","ocean_menu_typo_font_subset":"","ocean_menu_typo_font_size":0,"ocean_menu_typo_font_size_tablet":0,"ocean_menu_typo_font_size_mobile":0,"ocean_menu_typo_font_size_unit":"px","ocean_menu_typo_font_weight":"","ocean_menu_typo_font_weight_tablet":"","ocean_menu_typo_font_weight_mobile":"","ocean_menu_typo_transform":"","ocean_menu_typo_transform_tablet":"","ocean_menu_typo_transform_mobile":"","ocean_menu_typo_line_height":0,"ocean_menu_typo_line_height_tablet":0,"ocean_menu_typo_line_height_mobile":0,"ocean_menu_typo_line_height_unit":"","ocean_menu_typo_spacing":0,"ocean_menu_typo_spacing_tablet":0,"ocean_menu_typo_spacing_mobile":0,"ocean_menu_typo_spacing_unit":"","ocean_menu_link_color":"","ocean_menu_link_color_hover":"","ocean_menu_link_color_active":"","ocean_menu_link_background":"","ocean_menu_link_hover_background":"","ocean_menu_link_active_background":"","ocean_menu_social_links_bg":"","ocean_menu_social_hover_links_bg":"","ocean_menu_social_links_color":"","ocean_menu_social_hover_links_color":"","ocean_disable_title":"default","ocean_disable_heading":"default","ocean_post_title":"","ocean_post_subheading":"","ocean_post_title_style":"","ocean_post_title_background_color":"","ocean_post_title_background":0,"ocean_post_title_bg_image_position":"","ocean_post_title_bg_image_attachment":"","ocean_post_title_bg_image_repeat":"","ocean_post_title_bg_image_size":"","ocean_post_title_height":0,"ocean_post_title_bg_overlay":0.5,"ocean_post_title_bg_overlay_color":"","ocean_disable_breadcrumbs":"default","ocean_breadcrumbs_color":"","ocean_breadcrumbs_separator_color":"","ocean_breadcrumbs_links_color":"","ocean_breadcrumbs_links_hover_color":"","ocean_display_footer_widgets":"default","ocean_display_footer_bottom":"default","ocean_custom_footer_template":"","_jetpack_newsletter_access":"","_jetpack_dont_email_post_to_subs":false,"_jetpack_newsletter_tier_id":0,"_jetpack_memberships_contains_paywalled_content":false,"_vp_format_video_url":"","_vp_image_focal_point":[],"_jetpack_feature_clip_id":0,"_jetpack_memberships_contains_paid_content":false,"ocean_post_oembed":"","ocean_post_self_hosted_media":"","ocean_post_video_embed":"","ocean_link_format":"","ocean_link_format_target":"self","ocean_quote_format":"","ocean_quote_format_link":"post","ocean_gallery_link_images":"on","ocean_gallery_id":[],"footnotes":"","jetpack_post_was_ever_published":false},"categories":[77,61],"tags":[],"class_list":["post-7602","post","type-post","status-publish","format-standard","has-post-thumbnail","hentry","category-adultes","category-atelier","entry","has-media"],"yoast_head":"<!-- This site is optimized with the Yoast SEO plugin v27.9 - https:\/\/yoast.com\/product\/yoast-seo-wordpress\/ -->\n<title>Reprise des Ateliers Adultes cr\u00e9atifs et sportifs ! - Centre Social Mosa\u00efque - Lille Fives<\/title>\n<meta name=\"robots\" content=\"index, follow, max-snippet:-1, max-image-preview:large, max-video-preview:-1\" \/>\n<link rel=\"canonical\" href=\"https:\/\/www.mosaique-lillefives.fr\/V2\/reprise-des-ateliers-adultes-creatifs-et-sportifs\/\" \/>\n<meta property=\"og:locale\" content=\"fr_FR\" \/>\n<meta property=\"og:type\" content=\"article\" \/>\n<meta property=\"og:title\" content=\"Reprise des Ateliers Adultes cr\u00e9atifs et sportifs ! - Centre Social Mosa\u00efque - Lille Fives\" \/>\n<meta property=\"og:description\" content=\"Reprise des Ateliers Adultes cr\u00e9atifs et sportifs : le lundi 21 Septembre 2026. Avec semaine de d\u00e9couverte &#8211; Lundi 07 au Vendredi II Septembre 2026 ! Bonne rentr\u00e9e \u00e0 Tous !\" \/>\n<meta property=\"og:url\" content=\"https:\/\/www.mosaique-lillefives.fr\/V2\/reprise-des-ateliers-adultes-creatifs-et-sportifs\/\" \/>\n<meta property=\"og:site_name\" content=\"Centre Social Mosa\u00efque - Lille Fives\" \/>\n<meta property=\"article:published_time\" content=\"2026-09-02T15:35:58+00:00\" \/>\n<meta property=\"article:modified_time\" content=\"2026-09-02T15:46:31+00:00\" \/>\n<meta property=\"og:image\" content=\"https:\/\/www.mosaique-lillefives.fr\/V2\/wp-content\/uploads\/2026\/09\/Flyer-reprise-des-ateliers-adultes-02-09-26-01.jpg\" \/>\n\t<meta property=\"og:image:width\" content=\"633\" \/>\n\t<meta property=\"og:image:height\" content=\"906\" \/>\n\t<meta property=\"og:image:type\" content=\"image\/jpeg\" \/>\n<meta name=\"author\" content=\"Dominique\" \/>\n<meta name=\"twitter:card\" content=\"summary_large_image\" \/>\n<meta name=\"twitter:label1\" content=\"\u00c9crit par\" \/>\n\t<meta name=\"twitter:data1\" content=\"Dominique\" \/>\n\t<meta name=\"twitter:label2\" content=\"Dur\u00e9e de lecture estim\u00e9e\" \/>\n\t<meta name=\"twitter:data2\" content=\"1 minute\" \/>\n<script type=\"application\/ld+json\" class=\"yoast-schema-graph\">{\"@context\":\"https:\\\/\\\/schema.org\",\"@graph\":[{\"@type\":\"Article\",\"@id\":\"https:\\\/\\\/www.mosaique-lillefives.fr\\\/V2\\\/reprise-des-ateliers-adultes-creatifs-et-sportifs\\\/#article\",\"isPartOf\":{\"@id\":\"https:\\\/\\\/www.mosaique-lillefives.fr\\\/V2\\\/reprise-des-ateliers-adultes-creatifs-et-sportifs\\\/\"},\"author\":{\"name\":\"Dominique\",\"@id\":\"https:\\\/\\\/www.mosaique-lillefives.fr\\\/V2\\\/#\\\/schema\\\/person\\\/87b657fbd20393284baa6b0441435904\"},\"headline\":\"Reprise des Ateliers Adultes cr\u00e9atifs et sportifs !\",\"datePublished\":\"2026-09-02T15:35:58+00:00\",\"dateModified\":\"2026-09-02T15:46:31+00:00\",\"mainEntityOfPage\":{\"@id\":\"https:\\\/\\\/www.mosaique-lillefives.fr\\\/V2\\\/reprise-des-ateliers-adultes-creatifs-et-sportifs\\\/\"},\"wordCount\":34,\"publisher\":{\"@id\":\"https:\\\/\\\/www.mosaique-lillefives.fr\\\/V2\\\/#organization\"},\"image\":{\"@id\":\"https:\\\/\\\/www.mosaique-lillefives.fr\\\/V2\\\/reprise-des-ateliers-adultes-creatifs-et-sportifs\\\/#primaryimage\"},\"thumbnailUrl\":\"https:\\\/\\\/www.mosaique-lillefives.fr\\\/V2\\\/wp-content\\\/uploads\\\/2026\\\/09\\\/Flyer-reprise-des-ateliers-adultes-02-09-26-01.jpg\",\"articleSection\":[\"Adultes\",\"Ateliers\"],\"inLanguage\":\"fr-FR\"},{\"@type\":\"WebPage\",\"@id\":\"https:\\\/\\\/www.mosaique-lillefives.fr\\\/V2\\\/reprise-des-ateliers-adultes-creatifs-et-sportifs\\\/\",\"url\":\"https:\\\/\\\/www.mosaique-lillefives.fr\\\/V2\\\/reprise-des-ateliers-adultes-creatifs-et-sportifs\\\/\",\"name\":\"Reprise des Ateliers Adultes cr\u00e9atifs et sportifs ! - Centre Social Mosa\u00efque - Lille Fives\",\"isPartOf\":{\"@id\":\"https:\\\/\\\/www.mosaique-lillefives.fr\\\/V2\\\/#website\"},\"primaryImageOfPage\":{\"@id\":\"https:\\\/\\\/www.mosaique-lillefives.fr\\\/V2\\\/reprise-des-ateliers-adultes-creatifs-et-sportifs\\\/#primaryimage\"},\"image\":{\"@id\":\"https:\\\/\\\/www.mosaique-lillefives.fr\\\/V2\\\/reprise-des-ateliers-adultes-creatifs-et-sportifs\\\/#primaryimage\"},\"thumbnailUrl\":\"https:\\\/\\\/www.mosaique-lillefives.fr\\\/V2\\\/wp-content\\\/uploads\\\/2026\\\/09\\\/Flyer-reprise-des-ateliers-adultes-02-09-26-01.jpg\",\"datePublished\":\"2026-09-02T15:35:58+00:00\",\"dateModified\":\"2026-09-02T15:46:31+00:00\",\"breadcrumb\":{\"@id\":\"https:\\\/\\\/www.mosaique-lillefives.fr\\\/V2\\\/reprise-des-ateliers-adultes-creatifs-et-sportifs\\\/#breadcrumb\"},\"inLanguage\":\"fr-FR\",\"potentialAction\":[{\"@type\":\"ReadAction\",\"target\":[\"https:\\\/\\\/www.mosaique-lillefives.fr\\\/V2\\\/reprise-des-ateliers-adultes-creatifs-et-sportifs\\\/\"]}]},{\"@type\":\"ImageObject\",\"inLanguage\":\"fr-FR\",\"@id\":\"https:\\\/\\\/www.mosaique-lillefives.fr\\\/V2\\\/reprise-des-ateliers-adultes-creatifs-et-sportifs\\\/#primaryimage\",\"url\":\"https:\\\/\\\/www.mosaique-lillefives.fr\\\/V2\\\/wp-content\\\/uploads\\\/2026\\\/09\\\/Flyer-reprise-des-ateliers-adultes-02-09-26-01.jpg\",\"contentUrl\":\"https:\\\/\\\/www.mosaique-lillefives.fr\\\/V2\\\/wp-content\\\/uploads\\\/2026\\\/09\\\/Flyer-reprise-des-ateliers-adultes-02-09-26-01.jpg\",\"width\":633,\"height\":906},{\"@type\":\"BreadcrumbList\",\"@id\":\"https:\\\/\\\/www.mosaique-lillefives.fr\\\/V2\\\/reprise-des-ateliers-adultes-creatifs-et-sportifs\\\/#breadcrumb\",\"itemListElement\":[{\"@type\":\"ListItem\",\"position\":1,\"name\":\"Accueil\",\"item\":\"https:\\\/\\\/www.mosaique-lillefives.fr\\\/V2\\\/\"},{\"@type\":\"ListItem\",\"position\":2,\"name\":\"Reprise des Ateliers Adultes cr\u00e9atifs et sportifs !\"}]},{\"@type\":\"WebSite\",\"@id\":\"https:\\\/\\\/www.mosaique-lillefives.fr\\\/V2\\\/#website\",\"url\":\"https:\\\/\\\/www.mosaique-lillefives.fr\\\/V2\\\/\",\"name\":\"Centre Social Mosa\u00efque - Lille Fives\",\"description\":\"Convivialit\u00e9 et solidarit\u00e9 au service des habitants\",\"publisher\":{\"@id\":\"https:\\\/\\\/www.mosaique-lillefives.fr\\\/V2\\\/#organization\"},\"potentialAction\":[{\"@type\":\"SearchAction\",\"target\":{\"@type\":\"EntryPoint\",\"urlTemplate\":\"https:\\\/\\\/www.mosaique-lillefives.fr\\\/V2\\\/?s={search_term_string}\"},\"query-input\":{\"@type\":\"PropertyValueSpecification\",\"valueRequired\":true,\"valueName\":\"search_term_string\"}}],\"inLanguage\":\"fr-FR\"},{\"@type\":\"Organization\",\"@id\":\"https:\\\/\\\/www.mosaique-lillefives.fr\\\/V2\\\/#organization\",\"name\":\"Centre Social Mosa\u00efque - Lille Fives\",\"url\":\"https:\\\/\\\/www.mosaique-lillefives.fr\\\/V2\\\/\",\"logo\":{\"@type\":\"ImageObject\",\"inLanguage\":\"fr-FR\",\"@id\":\"https:\\\/\\\/www.mosaique-lillefives.fr\\\/V2\\\/#\\\/schema\\\/logo\\\/image\\\/\",\"url\":\"https:\\\/\\\/www.mosaique-lillefives.fr\\\/V2\\\/wp-content\\\/uploads\\\/2019\\\/02\\\/cropped-01logo-mosaique.png\",\"contentUrl\":\"https:\\\/\\\/www.mosaique-lillefives.fr\\\/V2\\\/wp-content\\\/uploads\\\/2019\\\/02\\\/cropped-01logo-mosaique.png\",\"width\":1402,\"height\":1024,\"caption\":\"Centre Social Mosa\u00efque - Lille Fives\"},\"image\":{\"@id\":\"https:\\\/\\\/www.mosaique-lillefives.fr\\\/V2\\\/#\\\/schema\\\/logo\\\/image\\\/\"}},{\"@type\":\"Person\",\"@id\":\"https:\\\/\\\/www.mosaique-lillefives.fr\\\/V2\\\/#\\\/schema\\\/person\\\/87b657fbd20393284baa6b0441435904\",\"name\":\"Dominique\",\"url\":\"https:\\\/\\\/www.mosaique-lillefives.fr\\\/V2\\\/author\\\/dominique\\\/\"}]}<\/script>\n<!-- \/ Yoast SEO plugin. -->","yoast_head_json":{"title":"Reprise des Ateliers Adultes cr\u00e9atifs et sportifs ! - Centre Social Mosa\u00efque - Lille Fives","robots":{"index":"index","follow":"follow","max-snippet":"max-snippet:-1","max-image-preview":"max-image-preview:large","max-video-preview":"max-video-preview:-1"},"canonical":"https:\/\/www.mosaique-lillefives.fr\/V2\/reprise-des-ateliers-adultes-creatifs-et-sportifs\/","og_locale":"fr_FR","og_type":"article","og_title":"Reprise des Ateliers Adultes cr\u00e9atifs et sportifs ! - Centre Social Mosa\u00efque - Lille Fives","og_description":"Reprise des Ateliers Adultes cr\u00e9atifs et sportifs : le lundi 21 Septembre 2026. Avec semaine de d\u00e9couverte &#8211; Lundi 07 au Vendredi II Septembre 2026 ! Bonne rentr\u00e9e \u00e0 Tous !","og_url":"https:\/\/www.mosaique-lillefives.fr\/V2\/reprise-des-ateliers-adultes-creatifs-et-sportifs\/","og_site_name":"Centre Social Mosa\u00efque - Lille Fives","article_published_time":"2026-09-02T15:35:58+00:00","article_modified_time":"2026-09-02T15:46:31+00:00","og_image":[{"width":633,"height":906,"url":"https:\/\/www.mosaique-lillefives.fr\/V2\/wp-content\/uploads\/2026\/09\/Flyer-reprise-des-ateliers-adultes-02-09-26-01.jpg","type":"image\/jpeg"}],"author":"Dominique","twitter_card":"summary_large_image","twitter_misc":{"\u00c9crit par":"Dominique","Dur\u00e9e de lecture estim\u00e9e":"1 minute"},"schema":{"@context":"https:\/\/schema.org","@graph":[{"@type":"Article","@id":"https:\/\/www.mosaique-lillefives.fr\/V2\/reprise-des-ateliers-adultes-creatifs-et-sportifs\/#article","isPartOf":{"@id":"https:\/\/www.mosaique-lillefives.fr\/V2\/reprise-des-ateliers-adultes-creatifs-et-sportifs\/"},"author":{"name":"Dominique","@id":"https:\/\/www.mosaique-lillefives.fr\/V2\/#\/schema\/person\/87b657fbd20393284baa6b0441435904"},"headline":"Reprise des Ateliers Adultes cr\u00e9atifs et sportifs !","datePublished":"2026-09-02T15:35:58+00:00","dateModified":"2026-09-02T15:46:31+00:00","mainEntityOfPage":{"@id":"https:\/\/www.mosaique-lillefives.fr\/V2\/reprise-des-ateliers-adultes-creatifs-et-sportifs\/"},"wordCount":34,"publisher":{"@id":"https:\/\/www.mosaique-lillefives.fr\/V2\/#organization"},"image":{"@id":"https:\/\/www.mosaique-lillefives.fr\/V2\/reprise-des-ateliers-adultes-creatifs-et-sportifs\/#primaryimage"},"thumbnailUrl":"https:\/\/www.mosaique-lillefives.fr\/V2\/wp-content\/uploads\/2026\/09\/Flyer-reprise-des-ateliers-adultes-02-09-26-01.jpg","articleSection":["Adultes","Ateliers"],"inLanguage":"fr-FR"},{"@type":"WebPage","@id":"https:\/\/www.mosaique-lillefives.fr\/V2\/reprise-des-ateliers-adultes-creatifs-et-sportifs\/","url":"https:\/\/www.mosaique-lillefives.fr\/V2\/reprise-des-ateliers-adultes-creatifs-et-sportifs\/","name":"Reprise des Ateliers Adultes cr\u00e9atifs et sportifs ! - Centre Social Mosa\u00efque - Lille Fives","isPartOf":{"@id":"https:\/\/www.mosaique-lillefives.fr\/V2\/#website"},"primaryImageOfPage":{"@id":"https:\/\/www.mosaique-lillefives.fr\/V2\/reprise-des-ateliers-adultes-creatifs-et-sportifs\/#primaryimage"},"image":{"@id":"https:\/\/www.mosaique-lillefives.fr\/V2\/reprise-des-ateliers-adultes-creatifs-et-sportifs\/#primaryimage"},"thumbnailUrl":"https:\/\/www.mosaique-lillefives.fr\/V2\/wp-content\/uploads\/2026\/09\/Flyer-reprise-des-ateliers-adultes-02-09-26-01.jpg","datePublished":"2026-09-02T15:35:58+00:00","dateModified":"2026-09-02T15:46:31+00:00","breadcrumb":{"@id":"https:\/\/www.mosaique-lillefives.fr\/V2\/reprise-des-ateliers-adultes-creatifs-et-sportifs\/#breadcrumb"},"inLanguage":"fr-FR","potentialAction":[{"@type":"ReadAction","target":["https:\/\/www.mosaique-lillefives.fr\/V2\/reprise-des-ateliers-adultes-creatifs-et-sportifs\/"]}]},{"@type":"ImageObject","inLanguage":"fr-FR","@id":"https:\/\/www.mosaique-lillefives.fr\/V2\/reprise-des-ateliers-adultes-creatifs-et-sportifs\/#primaryimage","url":"https:\/\/www.mosaique-lillefives.fr\/V2\/wp-content\/uploads\/2026\/09\/Flyer-reprise-des-ateliers-adultes-02-09-26-01.jpg","contentUrl":"https:\/\/www.mosaique-lillefives.fr\/V2\/wp-content\/uploads\/2026\/09\/Flyer-reprise-des-ateliers-adultes-02-09-26-01.jpg","width":633,"height":906},{"@type":"BreadcrumbList","@id":"https:\/\/www.mosaique-lillefives.fr\/V2\/reprise-des-ateliers-adultes-creatifs-et-sportifs\/#breadcrumb","itemListElement":[{"@type":"ListItem","position":1,"name":"Accueil","item":"https:\/\/www.mosaique-lillefives.fr\/V2\/"},{"@type":"ListItem","position":2,"name":"Reprise des Ateliers Adultes cr\u00e9atifs et sportifs !"}]},{"@type":"WebSite","@id":"https:\/\/www.mosaique-lillefives.fr\/V2\/#website","url":"https:\/\/www.mosaique-lillefives.fr\/V2\/","name":"Centre Social Mosa\u00efque - Lille Fives","description":"Convivialit\u00e9 et solidarit\u00e9 au service des habitants","publisher":{"@id":"https:\/\/www.mosaique-lillefives.fr\/V2\/#organization"},"potentialAction":[{"@type":"SearchAction","target":{"@type":"EntryPoint","urlTemplate":"https:\/\/www.mosaique-lillefives.fr\/V2\/?s={search_term_string}"},"query-input":{"@type":"PropertyValueSpecification","valueRequired":true,"valueName":"search_term_string"}}],"inLanguage":"fr-FR"},{"@type":"Organization","@id":"https:\/\/www.mosaique-lillefives.fr\/V2\/#organization","name":"Centre Social Mosa\u00efque - Lille Fives","url":"https:\/\/www.mosaique-lillefives.fr\/V2\/","logo":{"@type":"ImageObject","inLanguage":"fr-FR","@id":"https:\/\/www.mosaique-lillefives.fr\/V2\/#\/schema\/logo\/image\/","url":"https:\/\/www.mosaique-lillefives.fr\/V2\/wp-content\/uploads\/2019\/02\/cropped-01logo-mosaique.png","contentUrl":"https:\/\/www.mosaique-lillefives.fr\/V2\/wp-content\/uploads\/2019\/02\/cropped-01logo-mosaique.png","width":1402,"height":1024,"caption":"Centre Social Mosa\u00efque - Lille Fives"},"image":{"@id":"https:\/\/www.mosaique-lillefives.fr\/V2\/#\/schema\/logo\/image\/"}},{"@type":"Person","@id":"https:\/\/www.mosaique-lillefives.fr\/V2\/#\/schema\/person\/87b657fbd20393284baa6b0441435904","name":"Dominique","url":"https:\/\/www.mosaique-lillefives.fr\/V2\/author\/dominique\/"}]}},"jetpack_featured_media_url":"https:\/\/www.mosaique-lillefives.fr\/V2\/wp-content\/uploads\/2026\/09\/Flyer-reprise-des-ateliers-adultes-02-09-26-01.jpg","jetpack_sharing_enabled":true,"_links":{"self":[{"href":"https:\/\/www.mosaique-lillefives.fr\/V2\/wp-json\/wp\/v2\/posts\/7602","targetHints":{"allow":["GET"]}}],"collection":[{"href":"https:\/\/www.mosaique-lillefives.fr\/V2\/wp-json\/wp\/v2\/posts"}],"about":[{"href":"https:\/\/www.mosaique-lillefives.fr\/V2\/wp-json\/wp\/v2\/types\/post"}],"author":[{"embeddable":true,"href":"https:\/\/www.mosaique-lillefives.fr\/V2\/wp-json\/wp\/v2\/users\/13"}],"replies":[{"embeddable":true,"href":"https:\/\/www.mosaique-lillefives.fr\/V2\/wp-json\/wp\/v2\/comments?post=7602"}],"version-history":[{"count":7,"href":"https:\/\/www.mosaique-lillefives.fr\/V2\/wp-json\/wp\/v2\/posts\/7602\/revisions"}],"predecessor-version":[{"id":7613,"href":"https:\/\/www.mosaique-lillefives.fr\/V2\/wp-json\/wp\/v2\/posts\/7602\/revisions\/7613"}],"wp:featuredmedia":[{"embeddable":true,"href":"https:\/\/www.mosaique-lillefives.fr\/V2\/wp-json\/wp\/v2\/media\/7603"}],"wp:attachment":[{"href":"https:\/\/www.mosaique-lillefives.fr\/V2\/wp-json\/wp\/v2\/media?parent=7602"}],"wp:term":[{"taxonomy":"category","embeddable":true,"href":"https:\/\/www.mosaique-lillefives.fr\/V2\/wp-json\/wp\/v2\/categories?post=7602"},{"taxonomy":"post_tag","embeddable":true,"href":"https:\/\/www.mosaique-lillefives.fr\/V2\/wp-json\/wp\/v2\/tags?post=7602"}],"curies":[{"name":"wp","href":"https:\/\/api.w.org\/{rel}","templated":true}]}}